{"id":298,"date":"2018-06-01T17:25:09","date_gmt":"2018-06-01T15:25:09","guid":{"rendered":"http:\/\/chroniquesmotardes.com\/?p=298"},"modified":"2018-06-01T17:25:09","modified_gmt":"2018-06-01T15:25:09","slug":"entre-toi-et-moi-petite-mesaventure-mecanique","status":"publish","type":"post","link":"https:\/\/chroniquesmotardes.com\/index.php\/2018\/06\/01\/entre-toi-et-moi-petite-mesaventure-mecanique\/","title":{"rendered":"&#8220;Entre toi et moi&#8221;, petite m\u00e9saventure m\u00e9canique."},"content":{"rendered":"<div id=\"js_m\" class=\"_5pbx userContent _3576\" data-ad-preview=\"message\" data-ft=\"{&quot;tn&quot;:&quot;K&quot;}\">\n<p style=\"text-align: center;\"><strong><em>C&#8217;est apr\u00e8s seulement une semaine de permis, que je suis partie en mai avec ma moiti\u00e9, dans l&#8217;Aveyron (promis, je vous raconte \u00e7a bient\u00f4t..).<\/em><\/strong><\/p>\n<p>J&#8217;y ai pass\u00e9 une superbe semaine, mais sur le chemin du retour, un bruit \u00e9trange provenant de la moto a attir\u00e9 mon attention&#8230; <span class=\"_5mfr\"><span class=\"_6qdm\">\ud83e\udd14<\/span><\/span><\/p>\n<p>Je remarque alors que pass\u00e9 4 et 6 000 tours, un bruit m\u00e9tallique, comme si l&#8217;on secouait des pi\u00e8ces dans une bo\u00eete en m\u00e9tal, s&#8217;empare de ma belle.<br \/>\nNous nous arr\u00eatons en retrait de la route, et nous entreprenons d&#8217;inspecter la moto : peut-\u00eatre un cale-pied mal fix\u00e9 ? ou une vis dans le car\u00e9nage&#8230;?<br \/>\nNous laissons finalement tomber, ayant un long trajet devant nous, et reprenons notre route retour sur Bordeaux, optant pour la version &#8220;vis dans le car\u00e9nage&#8221;, car nous savions qu&#8217;une vis y \u00e9tait tomb\u00e9e quelques jours plus t\u00f4t.<\/p>\n<p>De retour dans la Gironde, je reprend ma vie comme si de rien n&#8217;\u00e9tait, toujours emb\u00eat\u00e9e par ce bruit de casserole. <span class=\"_5mfr\"><span class=\"_6qdm\">\ud83d\ude2b<\/span><\/span><\/p>\n<p>&#8230;Jusqu&#8217;au jour o\u00f9 je remarque qu&#8217;il se produit dor\u00e9navant d\u00e8s 3 et 5 000 tours.<br \/>\nInqui\u00e8te, j&#8217;entreprends lors d&#8217;un trajet pour Poitiers, d&#8217;appuyer au hasard sur diff\u00e9rentes parties de la moto pendant que je roule, afin de pouvoir enfin d\u00e9terminer l&#8217;origine de tout \u00e7a&#8230; Me voil\u00e0 donc, lanc\u00e9e sur une portion de ligne droite \u00e0 130km\/h, \u00e0 appuyer sur le car\u00e9nage avant gauche en haut, puis en bas, vers l&#8217;optique, sur le compteur, vers la selle&#8230; mais rien n&#8217;y fait !<\/p>\n<p>D\u00e9pit\u00e9e, je m&#8217;installe en mode patate sur la moto, mes pieds reposant confortablement sur mes pare-carters, le bras gauche repli\u00e9, coude sur le r\u00e9servoir, et main contre le casque, dans une position peu \u00e9l\u00e9gante et fid\u00e8le du Penseur, un peu comme ca : <span class=\"_5mfr\"><span class=\"_6qdm\">\ud83e\udd14<\/span><\/span><br \/>\nToujours concentr\u00e9e sur la route, mais l\u00e9g\u00e8rement perdue dans mes pens\u00e9es \u00e0 la recherche d&#8217;une solution, je reste ainsi quelques minutes, lorsque quelque chose me d\u00e9range&#8230; Je fronce les sourcils, et me remet dans une position plus &#8220;classique&#8221;, \u00e0 la recherche de ce qui peut bien me perturber. Mais rien, la sensation est partie.<br \/>\nJe me r\u00e9installe alors en position Penseur-patate, et reprend ma r\u00e9flexion. Mais de nouveau, un sentiment d&#8217;inhabituel m&#8217;habite, et je reprend la position pr\u00e9c\u00e9dente en grognant.<\/p>\n<p><span class=\"_5mfr\"><span class=\"_6qdm\">\ud83d\udca1<\/span><\/span> <strong>Quand soudain..<\/strong> je comprend ce qu&#8217;il se passe.<\/p>\n<p>Voulant tester ma th\u00e9orie, je pose mon pied gauche sur le pare-carter gauche, et l\u00e0, plus rien. Je l&#8217;enl\u00e8ve et le remet plusieurs fois, et je souris : ca y est, j&#8217;ai trouv\u00e9 ! <span class=\"_5mfr\"><span class=\"_6qdm\">\ud83d\ude2f<\/span><\/span><\/p>\n<p>J&#8217;en suis dor\u00e9navant certaine : la vibration m\u00e9tallique qui m&#8217;accompagne depuis un mois et demi est d\u00fb \u00e0 mon pare-carter !! <span class=\"_5mfr\"><span class=\"_6qdm\">\u2728<\/span><\/span><\/p>\n<p>Forte de cette d\u00e9couverte, ce n&#8217;est pourtant que de retour sur Bordeaux, quelques jours plus tard, que j&#8217;en parle \u00e0 mon compagnon.<br \/>\nIl inspecte alors de nouveau la moto, et le verdict tombe : la vis de mon pare-carter, c\u00f4t\u00e9 gauche, qui fait la jonction avec la fixation moteur, s&#8217;est d\u00e9faite, et l&#8217;entretoise qui solidarisait le tout en a profit\u00e9 pour s&#8217;enfuir sur la route. J&#8217;esp\u00e8re pour elle que ca valait le coup ! <span class=\"_5mfr\"><span class=\"_6qdm\">\ud83d\ude21<\/span><\/span><\/p>\n<p>C&#8217;est alors que je r\u00e9alise que je viens de rouler plus de 4 000km avec un pare-carter d\u00e9fectueux, et je bl\u00eamis.<br \/>\nMa t\u00eate se remplit de &#8220;Et si&#8230;?&#8221; , pendant que mon homme m&#8217;explique que je ne pourrais plus prendre la moto tant que ce ne sera pas r\u00e9par\u00e9, sous peine de prendre le risque de casser la vis DANS la fixation moteur. <span class=\"_5mfr\"><span class=\"_6qdm\">\ud83d\ude28<\/span><\/span><\/p>\n<p>La moto sera finalement immobilis\u00e9e moins de 48h, gr\u00e2ce \u00e0 mon homme et un ami \u00e0 lui, qui ont eu la gentillesse de me refabriquer une entretoise, en attendant de commander la pi\u00e8ce chez Honda&#8230; <span class=\"_5mfr\"><span class=\"_6qdm\">\ud83d\ude0a<\/span><\/span><\/p>\n<p>Une petite m\u00e9saventure qui se termine bien, donc, mais dont les cons\u00e9quences auraient pu \u00eatre lourdes en cas de p\u00e9pin&#8230;..<\/p>\n<p style=\"text-align: center;\"><span class=\"_5mfr\"><span class=\"_6qdm\">\u270c<\/span><\/span><\/p>\n<p><strong>Bilan : <em>lorsque vous trouvez un comportement \u00e9trange \u00e0 votre moto, ne l\u00e2chez pas, insistez, cela peut \u00eatre plus s\u00e9rieux que ce que l&#8217;on peut penser ! <\/em><span class=\"_5mfr\"><span class=\"_6qdm\">\ud83d\ude09<\/span><\/span><\/strong><\/p>\n<\/div>\n","protected":false},"excerpt":{"rendered":"<p>C&#8217;est apr\u00e8s seulement une semaine de permis, que je suis partie en mai avec ma moiti\u00e9, dans l&#8217;Aveyron (promis, je&hellip;<\/p>\n","protected":false},"author":1,"featured_media":320,"comment_status":"open","ping_status":"open","sticky":false,"template":"","format":"standard","meta":{"footnotes":""},"categories":[2,5],"tags":[59,97,106],"class_list":["post-298","post","type-post","status-publish","format-standard","has-post-thumbnail","hentry","category-hors-serie","category-voyages","tag-mecanique","tag-securite","tag-voyage"],"_links":{"self":[{"href":"https:\/\/chroniquesmotardes.com\/index.php\/wp-json\/wp\/v2\/posts\/298","targetHints":{"allow":["GET"]}}],"collection":[{"href":"https:\/\/chroniquesmotardes.com\/index.php\/wp-json\/wp\/v2\/posts"}],"about":[{"href":"https:\/\/chroniquesmotardes.com\/index.php\/wp-json\/wp\/v2\/types\/post"}],"author":[{"embeddable":true,"href":"https:\/\/chroniquesmotardes.com\/index.php\/wp-json\/wp\/v2\/users\/1"}],"replies":[{"embeddable":true,"href":"https:\/\/chroniquesmotardes.com\/index.php\/wp-json\/wp\/v2\/comments?post=298"}],"version-history":[{"count":0,"href":"https:\/\/chroniquesmotardes.com\/index.php\/wp-json\/wp\/v2\/posts\/298\/revisions"}],"wp:featuredmedia":[{"embeddable":true,"href":"https:\/\/chroniquesmotardes.com\/index.php\/wp-json\/"}],"wp:attachment":[{"href":"https:\/\/chroniquesmotardes.com\/index.php\/wp-json\/wp\/v2\/media?parent=298"}],"wp:term":[{"taxonomy":"category","embeddable":true,"href":"https:\/\/chroniquesmotardes.com\/index.php\/wp-json\/wp\/v2\/categories?post=298"},{"taxonomy":"post_tag","embeddable":true,"href":"https:\/\/chroniquesmotardes.com\/index.php\/wp-json\/wp\/v2\/tags?post=298"}],"curies":[{"name":"wp","href":"https:\/\/api.w.org\/{rel}","templated":true}]}}