{"id":359,"date":"2017-10-31T23:00:34","date_gmt":"2017-10-31T22:00:34","guid":{"rendered":"http:\/\/chroniquesmotardes.com\/?p=359"},"modified":"2017-10-31T23:00:34","modified_gmt":"2017-10-31T22:00:34","slug":"aventure-permis-a2-episode-2","status":"publish","type":"post","link":"https:\/\/chroniquesmotardes.com\/index.php\/2017\/10\/31\/aventure-permis-a2-episode-2\/","title":{"rendered":"Aventure permis A2, \u00e9pisode 2 :"},"content":{"rendered":"<p>&nbsp;<\/p>\n<p>Premi\u00e8re &#8220;vraie&#8221; le\u00e7on de moto ce soir, je suis pass\u00e9e de la 125 \u00e0 la 500!<br \/>\n.. et j&#8217;avoue avoir \u00e9t\u00e9 impressionn\u00e9e par la diff\u00e9rence de poids et de confort entre les deux !<\/p>\n<p>Autant la 125, c&#8217;\u00e9tait bon, je me sentais \u00e0 l&#8217;aise sur cette petite moto toute mignonne, toute maniable.. Je me voyais d\u00e9j\u00e0 partir avec, m&#8217;amuser \u00e0 slalomer gaiement entre les plots, le soleil couchant en fond de paysage&#8230; Autant la d\u00e9couverte de la 500, plus trapue, plus carr\u00e9e, m&#8217;a permis de me rendre compte que j&#8217;avais la force d&#8217;un paresseux asthmatique. Car petit bonus du jour, suite \u00e0 un demi-tour non ma\u00eetris\u00e9 (le seul de la soir\u00e9e, \u00e7a compense !), j&#8217;ai embrass\u00e9 le bitume. Ce beau bitume, ce doux bitume. Il rappe un peu, ceci dit&#8230;. et l\u00e0, grosse gal\u00e8re pour relever la moto. Un paresseux asthmatique, je vous dis..<\/p>\n<p>Mais je retiens donc : ne pas regarder le sol. Ne surtout pas regarder le sol. Sinon c&#8217;est chute garantie ! Le\u00e7on apprise ! <span class=\"_5mfr\"><span class=\"_6qdm\">\ud83d\ude43<\/span><\/span><\/p>\n<p>J&#8217;y ai gagn\u00e9 un mini bleu au genou, et un beau mal de cr\u00e2ne.. mais je suis encore une fois repartie avec le sourire.<\/p>\n<p>..Je crois que la moto rend un peu maso <span class=\"_5mfr\"><span class=\"_6qdm\">\ud83d\ude07<\/span><\/span><\/p>\n<p>La suite mardi prochain~<\/p>\n","protected":false},"excerpt":{"rendered":"<p>&nbsp; Premi\u00e8re &#8220;vraie&#8221; le\u00e7on de moto ce soir, je suis pass\u00e9e de la 125 \u00e0 la 500! .. et j&#8217;avoue&hellip;<\/p>\n","protected":false},"author":1,"featured_media":0,"comment_status":"open","ping_status":"open","sticky":false,"template":"","format":"standard","meta":{"footnotes":""},"categories":[7],"tags":[19,65,75,76,84],"class_list":["post-359","post","type-post","status-publish","format-standard","hentry","category-aventure-permis-a2","tag-aventures-permis-a2","tag-moto","tag-permis-a2","tag-permis-moto","tag-premiers-cours"],"_links":{"self":[{"href":"https:\/\/chroniquesmotardes.com\/index.php\/wp-json\/wp\/v2\/posts\/359","targetHints":{"allow":["GET"]}}],"collection":[{"href":"https:\/\/chroniquesmotardes.com\/index.php\/wp-json\/wp\/v2\/posts"}],"about":[{"href":"https:\/\/chroniquesmotardes.com\/index.php\/wp-json\/wp\/v2\/types\/post"}],"author":[{"embeddable":true,"href":"https:\/\/chroniquesmotardes.com\/index.php\/wp-json\/wp\/v2\/users\/1"}],"replies":[{"embeddable":true,"href":"https:\/\/chroniquesmotardes.com\/index.php\/wp-json\/wp\/v2\/comments?post=359"}],"version-history":[{"count":0,"href":"https:\/\/chroniquesmotardes.com\/index.php\/wp-json\/wp\/v2\/posts\/359\/revisions"}],"wp:attachment":[{"href":"https:\/\/chroniquesmotardes.com\/index.php\/wp-json\/wp\/v2\/media?parent=359"}],"wp:term":[{"taxonomy":"category","embeddable":true,"href":"https:\/\/chroniquesmotardes.com\/index.php\/wp-json\/wp\/v2\/categories?post=359"},{"taxonomy":"post_tag","embeddable":true,"href":"https:\/\/chroniquesmotardes.com\/index.php\/wp-json\/wp\/v2\/tags?post=359"}],"curies":[{"name":"wp","href":"https:\/\/api.w.org\/{rel}","templated":true}]}}