{"id":56,"date":"2018-11-21T11:03:47","date_gmt":"2018-11-21T10:03:47","guid":{"rendered":"http:\/\/chroniquesmotardes.com\/?p=56"},"modified":"2018-11-21T11:03:47","modified_gmt":"2018-11-21T10:03:47","slug":"reflechir","status":"publish","type":"post","link":"https:\/\/chroniquesmotardes.com\/index.php\/2018\/11\/21\/reflechir\/","title":{"rendered":"R\u00e9fl\u00e9chir."},"content":{"rendered":"<p style=\"text-align: center;\"><strong>La moto, ce n&#8217;est <em>pas<\/em> fait pour moi.<\/strong><\/p>\n<p>C&#8217;est r\u00e9serv\u00e9 aux femmes dures \u00e0 cuire, aux baroudeuses, aux aventuri\u00e8res, aux amatrices de sensations fortes et de vitesse, \u00e0 celles qui sont athl\u00e9tiques et qui mangent 5 fruits et l\u00e9gumes par jour.<\/p>\n<p><em>Jamais je n&#8217;y arriverai.<\/em><\/p>\n<p>Chez moi, pas de c\u00f4t\u00e9 femme forte et sensuelle. <strong>Je suis maladroite, ronde<\/strong>, je ne tiens <em>pas<\/em> sur un v\u00e9lo, et je suis m\u00eame plut\u00f4t du genre \u00e0 <strong>tr\u00e9bucher sur mes propres pieds<\/strong> en ligne droite sur du plat sans obstacles. Autrement dit, je suis extr\u00eamement talentueuse&#8230; <em>ou pas.<\/em><\/p>\n<p>Je poss\u00e8de par contre le g\u00e8ne de la Lamantine de canap\u00e9, <strong>trainant en pull<\/strong> \u00e0 l&#8217;effigie d&#8217;un jeu vid\u00e9o <strong>devant Netflix<\/strong> avec mon chien-patate, le tout en sirotant une <strong>bi\u00e8re<\/strong>, et bien-sur en soir\u00e9e les ronflements sont offerts&#8230; La <strong>sexytude \u00e0 l&#8217;\u00e9tat brute<\/strong>.. euh, brut.<\/p>\n<p>Cependant, j&#8217;ai toujours eu un regard curieux sur la moto. J&#8217;ai toujours eu <em>envie<\/em> d&#8217;essayer. <em><strong>Mais \u00e0 force de m&#8217;entendre dire que je n&#8217;y arriverai pas<\/strong><\/em>, que ce n&#8217;est pas fait pour moi, que je suis trop ceci, pas assez cela&#8230; <strong>et bien, j&#8217;ai fini par y croire.<\/strong><\/p>\n<p>Jusqu&#8217;au jour o\u00f9 je me suis dit &#8220;<em>Et puis merde, j&#8217;essaye! Je tomberais, tant pis. Je serais ridicule, tant pis. Je veux essayer, je veux ne pas regretter de ne pas l&#8217;avoir fait !<\/em>&#8221; (ouais \u00e7a fait beaucoup de &#8220;ne pas ne pas&#8221;, moi aussi j&#8217;suis perdue).<br \/>\nLa suite, vous la connaissez. (si non, viendez remonter dans les publications du blog ! <a href=\"http:\/\/chroniquesmotardes.com\/accueil\/brides-de-quotidien\/divers\/\">Par-l\u00e0<\/a> , ou <a href=\"http:\/\/chroniquesmotardes.com\/accueil\/brides-de-quotidien\/\">ici<\/a> , ou encore <a href=\"http:\/\/chroniquesmotardes.com\/accueil\/voyages\/\">l\u00e0<\/a>)<\/p>\n<p>Ce que je vous ai moins partag\u00e9, en terme d&#8217;anecdotes &#8220;permis&#8221;, c&#8217;est le fait que <strong>je n&#8217;avais pas pr\u00e9venu certains membres de ma famille<\/strong> de mon <a href=\"http:\/\/chroniquesmotardes.com\/accueil\/permis-moto\/aventures-permis-a2\/\">Aventure Permis A2<\/a>.<br \/>\nDe temps en temps, quand je passais les voir \u00e0 la maison, je t\u00e2tais le terrain :<br \/>\n&#8220;J&#8217;ai vu une vid\u00e9o de motardes qui font des cascades \u00e0 moto, elles grimpent sur la selle, conduisent en amazones, voir m\u00eame sur la roue arri\u00e8re&#8230; J&#8217;aimerais bien apprendre \u00e0 faire \u00e7a un jour, et passer mon permis moto! \ud83d\ude42<br \/>\n&#8211; HAHAHAHAHAA. <em>Mais voyons Loup<\/em>, JA-MAIIIIS tu ne feras \u00e7a.<br \/>\n&#8211; &#8230;Pourquoi donc?<br \/>\n&#8211; Mais enfin, c&#8217;est \u00e9vident.. ce n&#8217;est pas&#8230; euh, tu n&#8217;es pas&#8230; Il te manque&#8230; Enfin, tu sais, quoi. Tu n&#8217;es pas assez aventureuse pour \u00e7a. Et puis bon, il faut une condition physique aussi hein, et l\u00e0, pareil, <em><strong>t&#8217;as pas ce qu&#8217;il faut.<\/strong><\/em>&#8221;<\/p>\n<p><em>&#8230;Passons sur l&#8217;impact de tels propos lanc\u00e9s sur ma personne par des individus dont le jugement est important \u00e0 mes yeux&#8230;<\/em><\/p>\n<p>Lorsque j&#8217;ai lanc\u00e9 cette conversation, <strong>je savais \u00e0 quel type de r\u00e9ponse m&#8217;attendre<\/strong>, j&#8217;ai grandi avec ces gens.<\/p>\n<p><em>Mais j&#8217;avais ma petite id\u00e9e en t\u00eate&#8230;.<\/em> Car la veille de cette conversation, j&#8217;avais (pour celles et ceux qui s&#8217;en rappellent, si non, viendez remonter dans les publications du blog, bis) fait <a href=\"http:\/\/chroniquesmotardes.com\/permis-a2\/aventure-permis-a2\/aventure-permis-a2-episode-21\/\">quelques figures sur la moto<\/a> de la moto-\u00e9cole avec mon moniteur : grimper sur la selle, conduire en <strong>amazone<\/strong> \u00e0 allure lente, <strong>\u00e9vitements \u00e0 une main<\/strong>&#8230; Non sans bien me prendre la t\u00eate avec l&#8217;id\u00e9e bien ancr\u00e9e que <strong>j&#8217;allais forc\u00e9ment me vautrer<\/strong> car je n&#8217;\u00e9tais pas assez aventuri\u00e8re, trop grosse, et sans notion d&#8217;\u00e9quilibre.<br \/>\nPourtant, ce soir-l\u00e0, <strong>mon moniteur<\/strong> avait r\u00e9ussi \u00e0 me prouver, me d\u00e9montrer, que mes grosses fesses, mes mini-muscles et moi \u00e9tions capable de faire toutes ces choses, et surtout, il<em><strong> avait pulv\u00e9ris\u00e9 l&#8217;ignoble barri\u00e8re de pr\u00e9jug\u00e9s qui m&#8217;emp\u00eachait toujours d&#8217;agir<\/strong><\/em>, m\u00eame quand cela concernait des sujets qui me faisaient vraiment envie, comme la moto.<\/p>\n<p>J&#8217;avais donc la preuve en direct, que le jugement des autres sur mes capacit\u00e9s n&#8217;\u00e9tait construit que d&#8217;a priori, peut-\u00eatre m\u00eame d&#8217;une crainte de l&#8217;\u00e9chec chez eux, et non pas forc\u00e9ment d&#8217;une opinion logique et objective sur la situation. <em>&#8230;Je vous ai d\u00e9j\u00e0 dit que l&#8217;on me dit de Candide ?<\/em><\/p>\n<p>Bref, <a href=\"http:\/\/chroniquesmotardes.com\/permis-a2\/aventure-permis-a2\/circulez-ya-rien-a-voir\/\">j&#8217;ai eu mon permis<\/a>,et mis les mains dans le cambouis.. L&#8217;exp\u00e9rience s&#8217;est faite, <strong>j&#8217;ai adopt\u00e9 la Noireaude<\/strong>, et avec le temps, je me suis sentie de plus en plus \u00e0 l&#8217;aise sur ma belle, ce qui m&#8217;a encourag\u00e9e \u00e0 croire un peu plus en mes capacit\u00e9s !<\/p>\n<p>Cependant, toujours complex\u00e9e, je peine parfois \u00e0 me sentir l\u00e9gitime. C&#8217;est absurde, je le sais. Tout comme ne pas se sentir femme car notre corps ne r\u00e9pond pas aux crit\u00e8res dict\u00e9s par notre soci\u00e9t\u00e9 actuelle.<\/p>\n<p>Il y a quelques mois, j&#8217;ai \u00e9t\u00e9 prise de gros doutes, car je ne me reconnaissais pas dans les images de motardes que l&#8217;on me proposait (bimbo en sportive, quinqua en Harley, bricoleuse en cross..), et cerise sur le g\u00e2teau, <strong>les \u00e9quipementiers motos faisaient les m\u00eames erreurs que les grands magasins<\/strong> de pr\u00eat-\u00e0-porter, en ne proposant au rayon femme que des v\u00eatements allant du 34 au 42, le rose omnipr\u00e9sent en plus.<\/p>\n<p>Ce fut la goutte d&#8217;eau, et je me mis \u00e0 \u00e9crire un mot, \u00e0 d&#8217;autres motardes, sur Facebook.<\/p>\n<p style=\"text-align: center;\"><em><strong>\u00c9tais-je vraiment une &#8220;motarde&#8221;..?<\/strong><\/em><\/p>\n<p>Je voulais savoir si j&#8217;\u00e9tais la seule \u00e0 ressentir cette solitude, ce manque d&#8217;ic\u00f4ne plus \u00e0 mon image qu&#8217;\u00e0 celle de la vision populaire de la motarde&#8230; J&#8217;ai alors demand\u00e9 \u00e0 ces charmantes femmes de m&#8217;envoyer une photo d&#8217;elles, si elles ressentaient la m\u00eame chose. <em><strong>Je re\u00e7u \u00e0 ma grande surprise une belle quantit\u00e9 de commentaires de soutien<\/strong><\/em>, et de <em><strong>t\u00e9moignages<\/strong> <\/em>de femmes se sentant comme moi, &#8220;\u00e0 part&#8221;, soit \u00e0 cause de leur taille (petite ou grande), soit \u00e0 cause de leur poids (trop minces ou trop rondes), soit \u00e0 cause de la stigmatisation rose bonbon \u00e0 paillettes qui plane sur tout l&#8217;\u00e9quipement moto f\u00e9minin.<\/p>\n<p>Tous ces t\u00e9moignages m&#8217;ont profond\u00e9ment touch\u00e9e, et j&#8217;ai eu une id\u00e9e&#8230; \ud83e\udd14<\/p>\n","protected":false},"excerpt":{"rendered":"<p>La moto, ce n&#8217;est pas fait pour moi. C&#8217;est r\u00e9serv\u00e9 aux femmes dures \u00e0 cuire, aux baroudeuses, aux aventuri\u00e8res, aux&hellip;<\/p>\n","protected":false},"author":1,"featured_media":57,"comment_status":"open","ping_status":"open","sticky":false,"template":"","format":"standard","meta":{"footnotes":""},"categories":[2],"tags":[],"class_list":["post-56","post","type-post","status-publish","format-standard","has-post-thumbnail","hentry","category-hors-serie"],"_links":{"self":[{"href":"https:\/\/chroniquesmotardes.com\/index.php\/wp-json\/wp\/v2\/posts\/56","targetHints":{"allow":["GET"]}}],"collection":[{"href":"https:\/\/chroniquesmotardes.com\/index.php\/wp-json\/wp\/v2\/posts"}],"about":[{"href":"https:\/\/chroniquesmotardes.com\/index.php\/wp-json\/wp\/v2\/types\/post"}],"author":[{"embeddable":true,"href":"https:\/\/chroniquesmotardes.com\/index.php\/wp-json\/wp\/v2\/users\/1"}],"replies":[{"embeddable":true,"href":"https:\/\/chroniquesmotardes.com\/index.php\/wp-json\/wp\/v2\/comments?post=56"}],"version-history":[{"count":0,"href":"https:\/\/chroniquesmotardes.com\/index.php\/wp-json\/wp\/v2\/posts\/56\/revisions"}],"wp:featuredmedia":[{"embeddable":true,"href":"https:\/\/chroniquesmotardes.com\/index.php\/wp-json\/"}],"wp:attachment":[{"href":"https:\/\/chroniquesmotardes.com\/index.php\/wp-json\/wp\/v2\/media?parent=56"}],"wp:term":[{"taxonomy":"category","embeddable":true,"href":"https:\/\/chroniquesmotardes.com\/index.php\/wp-json\/wp\/v2\/categories?post=56"},{"taxonomy":"post_tag","embeddable":true,"href":"https:\/\/chroniquesmotardes.com\/index.php\/wp-json\/wp\/v2\/tags?post=56"}],"curies":[{"name":"wp","href":"https:\/\/api.w.org\/{rel}","templated":true}]}}