{"id":701,"date":"2018-08-23T19:07:33","date_gmt":"2018-08-23T17:07:33","guid":{"rendered":"http:\/\/chroniquesmotardes.com\/?p=701"},"modified":"2018-08-23T19:07:33","modified_gmt":"2018-08-23T17:07:33","slug":"decouverte","status":"publish","type":"post","link":"https:\/\/chroniquesmotardes.com\/index.php\/2018\/08\/23\/decouverte\/","title":{"rendered":"D\u00e9couverte."},"content":{"rendered":"<p style=\"text-align: center;\"><strong>\ud83c\udf1b\u2728 V\u00eatue d&#8217;un manteau sombre parsem\u00e9 d&#8217;\u00e9toiles, la Nuit s&#8217;avance doucement, pour prendre la place du Jour.<\/strong><\/p>\n<p>Pied \u00e0 terre, la belle lov\u00e9e entre mes jambes ronronne en attendant le signal du d\u00e9part.<\/p>\n<p>\ud83d\udea9 <em>Clac<\/em>. Premi\u00e8re-Gaz. <em>Clac<\/em>. Deuxi\u00e8me-Gaz. <em>Clac<\/em>. Troisi\u00e8me-Gaz.<\/p>\n<p>Lanc\u00e9es dans l&#8217;obscurit\u00e9, nous prenons ce chemin que nous connaissons maintenant par c\u0153ur. Les lampadaires et les bandes blanches d\u00e9filent, dans un flou grisant.<br \/>\nJe me l\u00e8ve sur mes cale-pieds, visi\u00e8re ouverte, et observe ainsi le monde d&#8217;un peu plus haut. Je reste dans cette position le plus longtemps possible, prenant rond-points et ralentisseurs en toute s\u00e9r\u00e9nit\u00e9, perch\u00e9e sur ma machine&#8230; \ud83c\udfcd\ud83d\udc95<\/p>\n<p>Puis je me rassois, et au d\u00e9tour d&#8217;un virage, une zone sans \u00e9clairage urbain me permet de profiter du ciel. Je l\u00e8ve la t\u00eate, et observe la Lune, fi\u00e8re et haute dans le ciel, partageant avec humilit\u00e9 sa lumi\u00e8re&#8230; \ud83c\udf15<br \/>\nLa musique qui pulse dans mes oreilles \u00e0 cet instant pr\u00e9cis rajoute \u00e0 ce sentiment de calme, et j&#8217;\u00e9tends alors le bras gauche pour saisir le vent, tout en d\u00e9hanchant \u00e0 un rythme r\u00e9gulier, faisant ainsi slalomer ma monture&#8230;<\/p>\n<p><strong>Chemin faisant<\/strong>, de nouveau en agglom\u00e9ration, j&#8217;aper\u00e7ois au feu rouge suivant une grosse cylindr\u00e9e cal\u00e9e devant les voitures, et me faufile jusqu&#8217;\u00e0 ses c\u00f4t\u00e9s. Je salue son pilote d&#8217;un hochement de casque, il me r\u00e9pond de m\u00eame, et je laisse ma t\u00eate dodeliner au son des basses crach\u00e9es par mon intercom, perdue dans ma bulle. \ud83d\ude0a<\/p>\n<p>Je l&#8217;entend \u00e0 ma gauche pr\u00e9parer son d\u00e9marrage en mettant un peu de gaz, et cela d\u00e9clenche chez moi ce que j&#8217;assimile avec le recul \u00e0 <strong>un sentiment de comp\u00e9tition<\/strong>.<\/p>\n<p>Je ne sais pas trop pour quelles raisons, mais je veux faire la course. Je veux&#8230; <em>jouer<\/em>? \ud83d\ude2f<\/p>\n<p>Je guette le feu, pied droit \u00e0 terre, en premi\u00e8re, pied gauche sous le s\u00e9lecteur, les mains sur les commandes, pr\u00eate \u00e0 d\u00e9marrer.<\/p>\n<p style=\"text-align: center;\">\n<strong>Vert.<\/strong><\/p>\n<p>Je met des gaz, passe la deuxi\u00e8me, ouvre en grand, et le voit dans mon r\u00e9tro lancer sa moto. Je passe la troisi\u00e8me, genoux serr\u00e9s contre mon r\u00e9servoir, le corps pench\u00e9 en avant, le c\u0153ur battant. Un coup d&#8217;oeil derri\u00e8re, personne. Plus de voitures, plus de moto.<br \/>\n<strong>Je suis seule.<\/strong><br \/>\nJe rel\u00e2che mon acc\u00e9l\u00e9rateur, guette quelques secondes la lumi\u00e8re de phares dans mon r\u00e9troviseur, toujours personne&#8230;. \ud83e\udd14<br \/>\nInterrogative, je suis soudainement envahie d&#8217;un sentiment de joie intense, en r\u00e9alisant que j&#8217;ai distanc\u00e9 ce motard.<\/p>\n<p>&#8230;J&#8217;ai dit distanc\u00e9 ? Pardon, je voulais dire : <strong>fum\u00e9, cram\u00e9, explos\u00e9<\/strong>. J&#8217;ai mis <em>mis\u00e8re<\/em> \u00e0 un gros cube. \ud83d\ude0e<\/p>\n<p>Moi, <strong>mes grosses fesses et ma Noireaude<\/strong>, nous avons d\u00e9boit\u00e9 une moto plus puissante, et ce sans appel.<\/p>\n<p>Le sourire que ce constat me d\u00e9croche me fait un bien fou, et je rentre chez moi..<\/p>\n<p>&#8211; &#8211; &#8211;<\/p>\n<p>Apr\u00e8s une longue journ\u00e9e, elle-m\u00eame prise dans une longue semaine, je retrouve enfin ma bonne humeur. Encore une fois, la moto m&#8217;aura remont\u00e9 le moral comme rien d&#8217;autre ne le fait, et je pars ce soir me coucher un peu moins tendue que la veille&#8230; Pis bon, j&#8217;ai fum\u00e9 un gros cube. \ud83d\ude00\ud83d\udc95<\/p>\n<p>Et je n&#8217;attend qu&#8217;une chose : le jour de paie, <em><strong>que je puisse partir de nouveau sur les routes.<\/strong><\/em><\/p>\n<p>\u270c\ud83d\ude0a<\/p>\n","protected":false},"excerpt":{"rendered":"<p>\ud83c\udf1b\u2728 V\u00eatue d&#8217;un manteau sombre parsem\u00e9 d&#8217;\u00e9toiles, la Nuit s&#8217;avance doucement, pour prendre la place du Jour. Pied \u00e0 terre,&hellip;<\/p>\n","protected":false},"author":1,"featured_media":703,"comment_status":"open","ping_status":"open","sticky":false,"template":"","format":"standard","meta":{"footnotes":""},"categories":[2,4],"tags":[39,43,63,65,71],"class_list":["post-701","post","type-post","status-publish","format-standard","has-post-thumbnail","hentry","category-hors-serie","category-quotidien","tag-envie","tag-faire-la-course","tag-motarde","tag-moto","tag-nuit"],"_links":{"self":[{"href":"https:\/\/chroniquesmotardes.com\/index.php\/wp-json\/wp\/v2\/posts\/701","targetHints":{"allow":["GET"]}}],"collection":[{"href":"https:\/\/chroniquesmotardes.com\/index.php\/wp-json\/wp\/v2\/posts"}],"about":[{"href":"https:\/\/chroniquesmotardes.com\/index.php\/wp-json\/wp\/v2\/types\/post"}],"author":[{"embeddable":true,"href":"https:\/\/chroniquesmotardes.com\/index.php\/wp-json\/wp\/v2\/users\/1"}],"replies":[{"embeddable":true,"href":"https:\/\/chroniquesmotardes.com\/index.php\/wp-json\/wp\/v2\/comments?post=701"}],"version-history":[{"count":0,"href":"https:\/\/chroniquesmotardes.com\/index.php\/wp-json\/wp\/v2\/posts\/701\/revisions"}],"wp:featuredmedia":[{"embeddable":true,"href":"https:\/\/chroniquesmotardes.com\/index.php\/wp-json\/"}],"wp:attachment":[{"href":"https:\/\/chroniquesmotardes.com\/index.php\/wp-json\/wp\/v2\/media?parent=701"}],"wp:term":[{"taxonomy":"category","embeddable":true,"href":"https:\/\/chroniquesmotardes.com\/index.php\/wp-json\/wp\/v2\/categories?post=701"},{"taxonomy":"post_tag","embeddable":true,"href":"https:\/\/chroniquesmotardes.com\/index.php\/wp-json\/wp\/v2\/tags?post=701"}],"curies":[{"name":"wp","href":"https:\/\/api.w.org\/{rel}","templated":true}]}}