{"id":708,"date":"2018-08-21T19:10:19","date_gmt":"2018-08-21T17:10:19","guid":{"rendered":"http:\/\/chroniquesmotardes.com\/?p=708"},"modified":"2018-08-21T19:10:19","modified_gmt":"2018-08-21T17:10:19","slug":"quotidien-motard-2","status":"publish","type":"post","link":"https:\/\/chroniquesmotardes.com\/index.php\/2018\/08\/21\/quotidien-motard-2\/","title":{"rendered":"Quotidien Motard #2"},"content":{"rendered":"<p><strong>A ceux qui m&#8217;ont appris \u00e0 conduire prudemment et \u00e0 anticiper, aujourd&#8217;hui je vous dis &#8220;Merci&#8221;.<\/strong><\/p>\n<p>Merci \u00e0 ma moto-\u00e9cole, et \u00e0 mon moniteur. Merci \u00e0 mon homme. Merci \u00e0 ma moto. Et merci aux 11 600 km parcourus jusqu&#8217;\u00e0 maintenant.<\/p>\n<p>\u203c Merci, car gr\u00e2ce \u00e0 vous, aujourd&#8217;hui, j&#8217;ai esquiv\u00e9 d&#8217;une mani\u00e8re qui m&#8217;\u00e9chappe encore \u00e0 un accident, en rentrant pour ma pause de midi. \u203c<\/p>\n<p>Sur une voie \u00e0 double sens, doubles voies, je m&#8217;\u00e9tais mise sur la voie de gauche, car anticipant de continuer tout droit au carrefour (la voie de droite allait dans une autre rue). Le feu avant la s\u00e9paration des voies passe au orange \u00e0 une ou deux voitures avant moi, et je ralentis doucement, \u00e0 une distance raisonnable des voitures, car je souhaitais comme d&#8217;habitude anticiper de loin si je pouvais ou non, une fois les voitures arr\u00eat\u00e9es, me faufiler jusqu&#8217;au feu.<\/p>\n<p>Pendant que j&#8217;\u00e9tais en pleine r\u00e9flexion, concentr\u00e9e \u00e0 observer la circulation pour calculer la meilleure chose \u00e0 faire&#8230; une voiture rouge, \u00e0 ma droite, est arriv\u00e9e assez rapidement, et a mis un violent coup de volant \u00e0 gauche sur moi, tout en freinant.<\/p>\n<p>A cet instant pr\u00e9cis, le temps s&#8217;est arr\u00eat\u00e9.<br \/>\nJe sens alors mon coeur s&#8217;acc\u00e9l\u00e9rer, pulser dans ma poitrine, et je me vois d\u00e9j\u00e0 \u00e0 terre sur la voie d&#8217;en face, la moto sous l&#8217;avant de la voiture, pli\u00e9e.<\/p>\n<p>Mais bien que je ne me l&#8217;explique pas, je garde la t\u00eate froide, mes muscles se tendent, je resserre l&#8217;emprise de mes jambes sur mon reservoir, freine calmement, sans faire d&#8217;\u00e9cart, et klaxonne de toutes mes forces contre la voiture. A ce moment l\u00e0, aussi \u00e9trange que cela puisse para\u00eetre, j&#8217;imagine presque que plus j&#8217;appuie fort, plus j&#8217;ai de chances de repousser la voiture et de ne pas plier ma belle&#8230;. Son bien-\u00eatre \u00e9tant ma plus grande pr\u00e9occupation \u00e0 cet instant pr\u00e9cis.<\/p>\n<p>Le conducteur de la voiture, surpris de me d\u00e9couvrir l\u00e0, panique, et fais un autre \u00e9cart, cette fois-ci \u00e0 droite, avant de planter les freins \u00e0 50cm de rentrer dans l&#8217;arri\u00e8re de la voiture devant lui.<\/p>\n<p>Je vais bien, ma moto \u00e9galement.<\/p>\n<p>D&#8217;un coup le temps reprend son cours normal.<\/p>\n<p>Tout en rep\u00e9rant un chemin par lequel me faufiler jusqu&#8217;au feu, je fixe la voiture rouge, toujours sur la droite, avec une rage folle. L\u00e0 o\u00f9 habituellement je laisse passer ce genre de choses, me contentant de r\u00e2ler dans mon casque, cette fois-ci, apr\u00e8s une mauvaise matin\u00e9e, alors que je passe \u00e0 c\u00f4t\u00e9 de lui, je craque.<br \/>\nTout en restant sur la moto, en faisant patiner la premi\u00e8re, je m&#8217;arr\u00eate \u00e0 sa fen\u00eatre, et (litt\u00e9ralement) lui hurle dessus : &#8220;Les r\u00e9tros&#8230; Bordel&#8230; LES RETROS !! MEEEERDE !! \ud83d\ude21 &#8221; , et alors que je m&#8217;appr\u00eate \u00e0 continuer, il se tourne vers moi, l\u00e8ve un sourcil, hausse les \u00e9paules d&#8217;un air d\u00e9sol\u00e9, et me l\u00e2che un mis\u00e9rable &#8220;..d\u00e9sol\u00e9, je ne vous avais pas vue..&#8221; .<\/p>\n<p>..Heureusement pour lui, ma visi\u00e8re solaire cachait plut\u00f4t bien l&#8217;expression affich\u00e9e sur mon visage&#8230; celle indiquant que bien sur que non, je n&#8217;avais pas du tout remarqu\u00e9 que tu as tourn\u00e9 sans faire tes contr\u00f4les, mais sinon je t&#8217;aurais fait une remarque sur tes r\u00e9tros&#8230; tu sais, ces choses, l\u00e0, qui te permettent de regarder derri\u00e8re toi.<\/p>\n<p>A cette derni\u00e8re pens\u00e9e, je sens doucement un bout de mon cerveau calculer comment lui exploser au mieux son r\u00e9tro, vu qu&#8217;il ne s&#8217;en sert apparemment pas. Mais en le regardant, je vois \u00e9galement de la peur sur son visage&#8230; Je prend une grande inspiration, et repars me mettre devant au feu, quelques voitures plus loin, le coeur battant, gardant un oeil sur lui dans mon r\u00e9tro.<\/p>\n<p>Une fois arr\u00eat\u00e9e, je ne peux m&#8217;emp\u00eacher de gueuler dans mon casque un superbe : &#8220;Putain d&#8217;abruti de fils de con !&#8221; ..<\/p>\n<p>Le feu passe au vert, je relance la moto, et ma col\u00e8re s&#8217;\u00e9vacue bien plus vite que je ne l&#8217;aurais imagin\u00e9&#8230;<\/p>\n<p>Je repense alors \u00e0 celles et ceux qui n&#8217;ont pas forcement la chance dede pouvoir rouler autant que moi, et donc d&#8217;acqu\u00e9rir de l&#8217;exp\u00e9rience et des r\u00e9flexes aussi vite que j&#8217;ai pu le faire.. Je r\u00e9alise alors que c&#8217;est gr\u00e2ce aux personnes cit\u00e9es en haut de cet article, que j&#8217;ai \u00e9t\u00e9 capable de voir et d&#8217;anticiper ce qu&#8217;il s&#8217;est pass\u00e9, et donc de m&#8217;en sortir sans casse ni chute.<\/p>\n<p>&#8211; &#8211; &#8211;<\/p>\n<p>\u203c \u00c9coutez vos moniteurs, vos a\u00een\u00e9s, faites des stages de perfectionnement, roulez, et restez en permanence en alerte&#8230; C&#8217;est pour moi ce que &#8220;Ride safe&#8221; signifie.. \u203c<\/p>\n<p>&#8211; &#8211; &#8211;<\/p>\n<p>Pr\u00e9venez les jeunes permis autour de vous de l&#8217;importance de l&#8217;anticipation, et n&#8217;h\u00e9sitez pas \u00e0 partager cette publication, si vous le souhaitez.. \u270c<\/p>\n<p><a href=\"http:\/\/chroniquesmotardes.com\/wp-content\/uploads\/2018\/08\/39900067_305418220007559_4859203669435875328_n.jpg\" data-elementor-open-lightbox=\"yes\"><br \/>\n<img loading=\"lazy\" decoding=\"async\" src=\"http:\/\/chroniquesmotardes.com\/wp-content\/uploads\/2018\/08\/39900067_305418220007559_4859203669435875328_n.jpg\" alt=\"\" width=\"300\" height=\"269\" \/> <\/a><\/p>\n","protected":false},"excerpt":{"rendered":"<p>A ceux qui m&#8217;ont appris \u00e0 conduire prudemment et \u00e0 anticiper, aujourd&#8217;hui je vous dis &#8220;Merci&#8221;. Merci \u00e0 ma moto-\u00e9cole,&hellip;<\/p>\n","protected":false},"author":1,"featured_media":714,"comment_status":"open","ping_status":"open","sticky":false,"template":"","format":"standard","meta":{"footnotes":""},"categories":[2,4],"tags":[14,31,63,88],"class_list":["post-708","post","type-post","status-publish","format-standard","has-post-thumbnail","hentry","category-hors-serie","category-quotidien","tag-accident-evite","tag-coup-de-gueule","tag-motarde","tag-rage"],"_links":{"self":[{"href":"https:\/\/chroniquesmotardes.com\/index.php\/wp-json\/wp\/v2\/posts\/708","targetHints":{"allow":["GET"]}}],"collection":[{"href":"https:\/\/chroniquesmotardes.com\/index.php\/wp-json\/wp\/v2\/posts"}],"about":[{"href":"https:\/\/chroniquesmotardes.com\/index.php\/wp-json\/wp\/v2\/types\/post"}],"author":[{"embeddable":true,"href":"https:\/\/chroniquesmotardes.com\/index.php\/wp-json\/wp\/v2\/users\/1"}],"replies":[{"embeddable":true,"href":"https:\/\/chroniquesmotardes.com\/index.php\/wp-json\/wp\/v2\/comments?post=708"}],"version-history":[{"count":0,"href":"https:\/\/chroniquesmotardes.com\/index.php\/wp-json\/wp\/v2\/posts\/708\/revisions"}],"wp:featuredmedia":[{"embeddable":true,"href":"https:\/\/chroniquesmotardes.com\/index.php\/wp-json\/"}],"wp:attachment":[{"href":"https:\/\/chroniquesmotardes.com\/index.php\/wp-json\/wp\/v2\/media?parent=708"}],"wp:term":[{"taxonomy":"category","embeddable":true,"href":"https:\/\/chroniquesmotardes.com\/index.php\/wp-json\/wp\/v2\/categories?post=708"},{"taxonomy":"post_tag","embeddable":true,"href":"https:\/\/chroniquesmotardes.com\/index.php\/wp-json\/wp\/v2\/tags?post=708"}],"curies":[{"name":"wp","href":"https:\/\/api.w.org\/{rel}","templated":true}]}}