{"id":841,"date":"2018-02-01T17:46:10","date_gmt":"2018-02-01T16:46:10","guid":{"rendered":"http:\/\/chroniquesmotardes.com\/?p=841"},"modified":"2018-02-01T17:46:10","modified_gmt":"2018-02-01T16:46:10","slug":"casque-marko-m-fiber","status":"publish","type":"post","link":"https:\/\/chroniquesmotardes.com\/index.php\/2018\/02\/01\/casque-marko-m-fiber\/","title":{"rendered":"Casque M\u00e2rk\u00f6 M-FIBER"},"content":{"rendered":"\n<p>La premi\u00e8re fois que j&#8217;entends ce nom, je reste dubitative mais curieuse. Quelques petites recherches sur Internet, et je d\u00e9couvre vite et avec plaisir cette marque parisienne, 100% &#8220;made in France&#8221;, qui petit \u00e0 petit se fait une place sur le march\u00e9 des casques moto.<\/p>\n\n\n\n<div class=\"wp-block-image\"><figure class=\"aligncenter\"><img decoding=\"async\" src=\"https:\/\/www.motoplanete.com\/newsmpb\/images\/Essai-marko-M-Fiber-6.jpg\" alt=\"\"\/><\/figure><\/div>\n\n\n\n<p>Au look parfois vintage, comme le mod\u00e8le Full Moon, les casques de la marque, inspir\u00e9s par le voyage et la nature, sont de ceux qui ont un design simple, \u00e9pur\u00e9, et efficace.<\/p>\n\n\n\n<h4 class=\"wp-block-heading\">Le mod\u00e8le que l&#8217;on me propose aujourd&#8217;hui de tester pour vous, est le casque int\u00e9gral &#8221; <a href=\"https:\/\/www.speed-wear.net\/casque-moto-integral\/16114-casque-moto-integral-marko-m-fiber.html\" target=\"_blank\" rel=\"noreferrer noopener\">M-Fiber<\/a> &#8221; ; en taille M, soit 57\/58cm.<\/h4>\n\n\n\n<p>Exp\u00e9di\u00e9 par <a href=\"https:\/\/www.speed-wear.net\/\" target=\"_blank\" rel=\"noreferrer noopener\">Speed-Wear.net<\/a>, mon colis arrive dans les temps, et en excellent \u00e9tat.<\/p>\n\n\n\n<p>Toute impatiente de d\u00e9couvrir mon nouveau compagnon de route pour les ballades \u00e0 venir, je me retiens de d\u00e9chirer sauvagement l&#8217;emballage&#8230; Emballage qui d&#8217;ailleurs est particuli\u00e8rement soign\u00e9 : on retrouve dans sa bo\u00eete d\u00e9di\u00e9e estampill\u00e9e &#8221; <a href=\"https:\/\/www.marko-helmets.com\/\" target=\"_blank\" rel=\"noreferrer noopener\">Marko<\/a> &#8220;, le <strong>M-Fiber<\/strong>, qui est \u00e9videmment pourvu d&#8217;une <strong>housse<\/strong>, mais \u00e9galement d&#8217;une couche suppl\u00e9mentaire de protection, ce qui est tr\u00e8s appr\u00e9ciable, certains colis pouvant \u00eatre malmen\u00e9s&#8230;<\/p>\n\n\n\n<div class=\"wp-block-image\"><figure class=\"aligncenter\"><img decoding=\"async\" src=\"https:\/\/www.motoplanete.com\/newsmpb\/images\/test-Marko-M-Fiber-2018-1.jpg\" alt=\"\"\/><\/figure><\/div>\n\n\n\n<p>Une <strong>petite notice<\/strong> tr\u00e8s succincte est \u00e9galement jointe \u00e0 tout \u00e7a, et prenant \u00e0 c\u0153ur ma mission, je d\u00e9monte imm\u00e9diatement tout le casque&#8230; Sans probl\u00e8me, les mousses volent et s&#8217;envolent&#8230; Exception est faite de la visi\u00e8re, car pour les personnes pourvues de deux mains gauches comme moi, une petite explication sur la fa\u00e7on de l&#8217;enlever eut \u00e9t\u00e9 un plus&#8230; N&#8217;osant pas forcer et ab\u00eemer mon nouveau jouet, j&#8217;ai pr\u00e9f\u00e9r\u00e9 renoncer&#8230;<\/p>\n\n\n\n<p>Facile \u00e0 enfiler, ses <strong>mousses amovibles<\/strong> (et donc lavables) sont confortables, et permettent de placer mes <strong>lunettes<\/strong> sans me g\u00eaner, chose que j&#8217;ai grandement appr\u00e9ci\u00e9e.<br>Et bien qu&#8217;un peu mal insonoris\u00e9 pass\u00e9 les 90 km\/h (sifflements), ce casque de chez Marko offre un confort tr\u00e8s honorable, on ne ressent que tr\u00e8s peu les effets de la prise au vent, m\u00eame \u00e0 haute vitesse.<\/p>\n\n\n\n<h4 class=\"wp-block-heading\">C&#8217;est bien beau tout \u00e7a, mais une fois sur la route, qu&#8217;est ce que \u00e7a donne, ce M-Fiber, hein..?<\/h4>\n\n\n\n<p>Le <a href=\"https:\/\/www.speed-wear.net\/casque-moto-integral\/16114-casque-moto-integral-marko-m-fiber.html\" target=\"_blank\" rel=\"noreferrer noopener\">Marko M-Fiber<\/a> est un casque qui propose <strong>des options qui feront la diff\u00e9rence<\/strong> lors de votre choix :<\/p>\n\n\n\n<ul class=\"wp-block-list\"><li>\nPinlock int\u00e9gr\u00e9 :\n<\/li><\/ul>\n\n\n\n<p>C&#8217;est un syst\u00e8me de protection anti-bu\u00e9e tr\u00e8s performant, et longue dur\u00e9e (plusieurs ann\u00e9es sans le changer).<br>La visi\u00e8re du M-Fiber contient donc un \u00e9cran <strong>Pinlock<\/strong> qui est <strong>d\u00e9j\u00e0 mont\u00e9<\/strong>, ce qui \u00e9vite de se prendre la t\u00eate pour bien le mettre en place&#8230; avis aux maladroits comme moi !<br>Bien que sa surface ne couvre pas l&#8217;int\u00e9gralit\u00e9 de la visi\u00e8re, il est efficace, et permet -alli\u00e9 aux a\u00e9rations- de garder un champ de vision tr\u00e8s correct par temps humide !<\/p>\n\n\n\n<div class=\"wp-block-image\"><figure class=\"aligncenter\"><img decoding=\"async\" src=\"https:\/\/www.motoplanete.com\/newsmpb\/images\/test-Marko-M-Fiber-2018-2.jpg\" alt=\"\"\/><\/figure><\/div>\n\n\n\n<ul class=\"wp-block-list\"><li>\nVisi\u00e8re solaire :\n<\/li><\/ul>\n\n\n\n<p>Un <strong>\u00e9cran pare-soleil<\/strong> interne amovible est d\u00e9j\u00e0 install\u00e9, mais je n&#8217;ai malheureusement pas eu assez de soleil dans mon beau Sud-Ouest pour pouvoir en \u00e9prouver les limites..!<br>Je peux cependant attester de la <strong>maniabilit\u00e9<\/strong> de sa commande pour le monter et l&#8217;abaisser en roulant, et ce sans aucune g\u00eane malgr\u00e9 mes gants.<br>Un confort qui n&#8217;est pas du luxe !<\/p>\n\n\n\n<ul class=\"wp-block-list\"><li>\nAttache microm\u00e9trique m\u00e9tallique :\n<\/li><\/ul>\n\n\n\n<p>Rapide et <strong>efficace<\/strong>, ce syst\u00e8me de fermeture offre un ajustement pr\u00e9cis, en quelques secondes, et sans batailler avec des anneaux, contrairement \u00e0 un casque avec attache \u00e0 double D.<\/p>\n\n\n\n<ul class=\"wp-block-list\"><li>\nUn casque en FIBRE :\n<\/li><\/ul>\n\n\n\n<p>La <strong>l\u00e9g\u00e8ret\u00e9<\/strong>, et la <strong>r\u00e9sistance<\/strong> de ce mat\u00e9riaux sont ici tr\u00e8s appr\u00e9ci\u00e9es. Lors d&#8217;une petite chute (sans grandes cons\u00e9quences), le M-Fiber a parfaitement fait son travail, et m&#8217;a prot\u00e9g\u00e9e sans aucun souci. Aucune trace sur le casque, de surcro\u00eet !<\/p>\n\n\n\n<p>Le <a href=\"https:\/\/starmotors.fr\/casque-integral\/22259-casque-moto-integral-marko-m-fiber.html\" target=\"_blank\" rel=\"noreferrer noopener\">M-Fiber<\/a> affiche quand m\u00eame un poids de <strong>1480g environ<\/strong>, l\u00e0 o\u00f9 la moyenne d&#8217;un int\u00e9gral tourne autour des 1300-1400g. Cependant, au vu des options, du prix de vente, et du fait que le poids ressenti est dans mon cas le m\u00eame que pour mon casque habituel (un Scorpion 1200 air qui tourne \u00e0 1350g environ), on ne peut en vouloir \u00e0 ce casque d&#8217;\u00eatre sur le papier l\u00e9g\u00e8rement plus lourd que ses coll\u00e8gues.<\/p>\n\n\n\n<div class=\"wp-block-image\"><figure class=\"aligncenter\"><img decoding=\"async\" src=\"https:\/\/www.motoplanete.com\/newsmpb\/images\/test-Marko-M-Fiber-2018-4.jpg\" alt=\"\"\/><\/figure><\/div>\n\n\n\n<ul class=\"wp-block-list\"><li>\nDes lani\u00e8res d&#8217;urgence :\n<\/li><\/ul>\n\n\n\n<p>Estampill\u00e9es &#8220;Emergency&#8221;, ces lani\u00e8res appos\u00e9es sur les mousses permettent de <strong>pouvoir retirer le casque<\/strong> sans trop de risques pour le rachis cervical <strong>en cas d&#8217;accident<\/strong>. Il suffit de simplement tirer dessus pour que les boutons pression se d\u00e9fassent, et d\u00e9tachent les mousses. Ce syst\u00e8me connu d\u00e9sormais des secours rajoute un plus au sentiment de s\u00e9curit\u00e9 que l&#8217;on se doit d&#8217;avoir lorsque l&#8217;on porte son casque.<\/p>\n\n\n\n<h4 class=\"wp-block-heading\">En r\u00e9sum\u00e9, ce casque au design simple et efficace, travaill\u00e9 avec go\u00fbt, a tout pour s\u00e9duire de jeunes motard-e-s souhaitant un casque homologu\u00e9 r\u00e9pondant aux exigences de confort auquel nous aspirons tous.<\/h4>\n\n\n\n<p>Amoureuse de mon casque Scorpion, j&#8217;\u00e9tais plut\u00f4t peu encline \u00e0 le laisser de c\u00f4t\u00e9 le temps des essais, et pourtant, je dois admettre que le casque <a href=\"https:\/\/www.speed-wear.net\/casque-moto-integral\/16114-casque-moto-integral-marko-m-fiber.html\" target=\"_blank\" rel=\"noreferrer noopener\">Marko M-Fiber<\/a> a su avec discr\u00e9tion mais autorit\u00e9 <strong>se faire une belle place dans mon \u00e9quipement moto r\u00e9gulier<\/strong>, me laissant ranger son a\u00een\u00e9 au placard sans trop de regrets le temps des essais..!<\/p>\n\n\n\n<div class=\"wp-block-image\"><figure class=\"aligncenter\"><img decoding=\"async\" src=\"https:\/\/www.motoplanete.com\/newsmpb\/images\/test-Marko-M-Fiber-2018-3.jpg\" alt=\"\"\/><\/figure><\/div>\n\n\n\n<h4 class=\"wp-block-heading\">Dans cette tranche de tarifs (il faudra compter 249,95 \u20ac ou 3 x 83.32\u20ac chez <a href=\"https:\/\/www.speed-wear.net\/\" target=\"_blank\" rel=\"noreferrer noopener\">Speed-Wear.net<\/a>), et avec la qualit\u00e9 des services propos\u00e9s, <a href=\"https:\/\/www.facebook.com\/markohelmets\/\" target=\"_blank\" rel=\"noreferrer noopener\">Marko<\/a> est une marque qui s&#8217;adresse tant aux jeunes permis A2, qu&#8217;aux motard-e-s confirm\u00e9-e-s!<\/h4>\n\n\n\n<p><em>Equivalences entre tailles de la marque, et tour de t\u00eate:<\/em><\/p>\n\n\n\n<p><em>&#8211; 51-52 cm \/ taille XXS<\/em><br><em>&#8211; 53-54 cm \/ taille XS<\/em><br><em>&#8211; 55-56 cm \/ taille S<\/em><br><em>&#8211; 57-58 cm \/ taille M<\/em><br><em>&#8211; 59-60 cm \/ taille L<\/em><br><em>&#8211; 61-62 cm \/ taille XL<\/em><br><em>&#8211; 63-64 cm \/ taille XXL<\/em><\/p>\n\n\n\n<p><em>Essai publi\u00e9 \u00e0 l&#8217;origine sur <a href=\"https:\/\/www.motoplanete.com\/actualite-moto\/articles\/17175\/Essai-du-casque-integral-Marko-M-Fiber\/page.html\" target=\"_blank\" rel=\"noreferrer noopener\">Motoplan\u00e8te<\/a> .<\/em><\/p>\n","protected":false},"excerpt":{"rendered":"<p>La premi\u00e8re fois que j&#8217;entends ce nom, je reste dubitative mais curieuse. Quelques petites recherches sur Internet, et je d\u00e9couvre&hellip;<\/p>\n","protected":false},"author":1,"featured_media":0,"comment_status":"open","ping_status":"open","sticky":false,"template":"","format":"standard","meta":{"footnotes":""},"categories":[10],"tags":[23,24,40,55,58],"class_list":["post-841","post","type-post","status-publish","format-standard","hentry","category-equipement","tag-casque","tag-casque-integral","tag-essai","tag-m-fiber","tag-marko"],"_links":{"self":[{"href":"https:\/\/chroniquesmotardes.com\/index.php\/wp-json\/wp\/v2\/posts\/841","targetHints":{"allow":["GET"]}}],"collection":[{"href":"https:\/\/chroniquesmotardes.com\/index.php\/wp-json\/wp\/v2\/posts"}],"about":[{"href":"https:\/\/chroniquesmotardes.com\/index.php\/wp-json\/wp\/v2\/types\/post"}],"author":[{"embeddable":true,"href":"https:\/\/chroniquesmotardes.com\/index.php\/wp-json\/wp\/v2\/users\/1"}],"replies":[{"embeddable":true,"href":"https:\/\/chroniquesmotardes.com\/index.php\/wp-json\/wp\/v2\/comments?post=841"}],"version-history":[{"count":0,"href":"https:\/\/chroniquesmotardes.com\/index.php\/wp-json\/wp\/v2\/posts\/841\/revisions"}],"wp:attachment":[{"href":"https:\/\/chroniquesmotardes.com\/index.php\/wp-json\/wp\/v2\/media?parent=841"}],"wp:term":[{"taxonomy":"category","embeddable":true,"href":"https:\/\/chroniquesmotardes.com\/index.php\/wp-json\/wp\/v2\/categories?post=841"},{"taxonomy":"post_tag","embeddable":true,"href":"https:\/\/chroniquesmotardes.com\/index.php\/wp-json\/wp\/v2\/tags?post=841"}],"curies":[{"name":"wp","href":"https:\/\/api.w.org\/{rel}","templated":true}]}}